{"id":104,"date":"2020-08-11T11:45:31","date_gmt":"2020-08-11T11:45:31","guid":{"rendered":"https:\/\/joanaluisamatos.com\/?p=104"},"modified":"2020-09-21T13:05:55","modified_gmt":"2020-09-21T13:05:55","slug":"teste-6","status":"publish","type":"post","link":"https:\/\/joanaluisamatos.com\/index.php\/2020\/08\/11\/teste-6\/","title":{"rendered":"BRUXIMO INFANTIL"},"content":{"rendered":"\n<p>J\u00e1 se apercebeu que o se filho aperta, range, ou encosta os dentes durante o sono, ou mesmo durante o dia?<\/p>\n\n\n\n<p>J\u00e1 acordou durante a noite com o barulho do ranger dos dentes do seu filho?<\/p>\n\n\n\n<p>Deu conta de que ele tem o h\u00e1bito de apertar a mand\u00edbula na mesma posi\u00e7\u00e3o?<\/p>\n\n\n\n<p>Preste bem aten\u00e7\u00e3o:<\/p>\n\n\n\n<p>O SEU FILHO PODE TER BRUXISMO!<\/p>\n\n\n\n<p><strong>Mas afinal, o que \u00e9 bruxismo?<\/strong><\/p>\n\n\n\n<p>No passado, o bruxismo foi difundido como h\u00e1bito normal, ou at\u00e9 fisiol\u00f3gico na crian\u00e7a.<\/p>\n\n\n\n<p>Estudos atuais comprovam que isso n\u00e3o \u00e9 verdade e v\u00e1rios paradigmas t\u00eam sido quebrados.<\/p>\n\n\n\n<p>Bruxismo \u00e9 a atividade repetitiva (hiperatividade) dos m\u00fasculos da mastiga\u00e7\u00e3o caracterizada pelo aperto e\/ou ranger dos dentes e \/ou segurar a mand\u00edbula. Estudos recentes indicam que o bruxismo n\u00e3o implica toque dos dentes, pode ser apenas contratura muscular.<\/p>\n\n\n\n<p>Se ocorrer durante o sono: chamamos <strong>Bruxismo do Sono (BS)<\/strong><\/p>\n\n\n\n<p>Se ocorrer durante o dia: chamamos <strong>Bruxismo de Vig\u00edlia (BV)<\/strong><\/p>\n\n\n\n<p><strong>Ser\u00e1 motivo de preocupa\u00e7\u00e3o?<\/strong><\/p>\n\n\n\n<p>Quando a presen\u00e7a de bruxismo est\u00e1 associada a algum dist\u00farbio e\/ou acarreta preju\u00edzos \u00e0 sa\u00fade oral da crian\u00e7a ( como desgastes dent\u00e1rios, sensibilidade, fraturas das restaura\u00e7\u00f5es, dor articular e\/ou muscular etc), pode ser motivo de preocupa\u00e7\u00e3o.<\/p>\n\n\n\n<p>Sendo assim, a consulta com o m\u00e9dico dentista \u00e9 fundamental, pois s\u00f3 ele poder\u00e1 avaliar e identificar fatores e condi\u00e7\u00f5es associados \u00e0 presen\u00e7a de bruxismo e encaminhar a crian\u00e7a a outro profissional de sa\u00fade espec\u00edfico, quando necess\u00e1rio ( ex: otorrino, alergologista etc).<\/p>\n\n\n\n<p><strong>Quais s\u00e3o as principais causas de Bruxismo do Sono (BS)?<\/strong><\/p>\n\n\n\n<p>Os principais fatores s\u00e3o:<\/p>\n\n\n\n<p>-Gen\u00e9tica<\/p>\n\n\n\n<p>&#8211; Dist\u00farbios psiqui\u00e1tricos<\/p>\n\n\n\n<p>&#8211; Obstru\u00e7\u00e3o das vias a\u00e9reas ( hipertrofia das adenoides ou das am\u00edgdalas, por ex.)<\/p>\n\n\n\n<p>&#8211; Dist\u00farbios respirat\u00f3rios do sono ( ex: S\u00edndrome da Apneia Obstrutiva do Sono- SAOS)<\/p>\n\n\n\n<p>&#8211; Refluxo gastroesof\u00e1gico<\/p>\n\n\n\n<p>Nos tr\u00eas \u00faltimos, o bruxismo acaba por apresentar-se como um componente protetor.<\/p>\n\n\n\n<p>O bruxismo pode ainda estar associado \u00e0 exposi\u00e7\u00e3o a tabaco, \u00e0 ingest\u00e3o de cafe\u00edna, bebidas alco\u00f3licas e ao uso de medicamentos como metilfenidato (ritalina), inibidores seletivos da recapta\u00e7\u00e3o de serotonina e norepinefrina e antipsic\u00f3ticos(haloperidol)-<\/p>\n\n\n\n<p>Foi muito difundida no passado a ideia de que a erup\u00e7\u00e3o dos dentes poderia ser uma das causas de bruxismo infantil. Atualmente n\u00e3o existem evid\u00eancias cient\u00edficas que comprovem tal situa\u00e7\u00e3o.<\/p>\n\n\n\n<p><strong>Quais s\u00e3o as principais causas de Bruxismo de Vig\u00edlia (BV)?<\/strong><\/p>\n\n\n\n<p>H\u00e1 menos estudos sobre o Bruxismo de Vig\u00edlia . Contudo, alguns estudos sugerem que o BV est\u00e1 mais relacionado com fatores psicossociais:<\/p>\n\n\n\n<p>-Estilo de vida<\/p>\n\n\n\n<p>&#8211; Ansiedade<\/p>\n\n\n\n<p>&#8211; Stress escolar e\/ou familiar<\/p>\n\n\n\n<p>&#8211; Atividades que exigem concentra\u00e7\u00e3o ( muito detetada durante os jogos virtuais)<\/p>\n\n\n\n<p><strong>Movimentos parafuncionais reativos. O que s\u00e3o?<\/strong><\/p>\n\n\n\n<p>H\u00e1 que destacar a diferen\u00e7a entre bruxismo e movimentos parafuncionais reativos.<\/p>\n\n\n\n<p>Estes \u00faltimos acontecem durante o sono REM (RAPID EYES MOUVEMENTS) e s\u00e3o muito caracter\u00edsticos nas crian\u00e7as. Durante esta fase do sono, a crian\u00e7a apresenta a musculatura do corpo totalmente relaxada e quando sente algum inc\u00f3modo ( ex: fome, sede, calor,frio, prurido anal por verminose etc) range os dentes indicando esse mesmo desconforto.<\/p>\n\n\n\n<p><strong>Abordagens terap\u00eauticas. Como e quando controlar?<\/strong><\/p>\n\n\n\n<p>Cada caso \u00e9 um caso! E como j\u00e1 perceberam, o bruxismo infantil tem etiologias diferentes e como tal, ter\u00e1 tamb\u00e9m diferentes abordagens terap\u00eauticas.<\/p>\n\n\n\n<p>Nem todos os casos de bruxismo necessitam de interven\u00e7\u00e3o ativa.<\/p>\n\n\n\n<p>\u00c9 evidente de que se houver necessidade de prote\u00e7\u00e3o das superf\u00edcies dent\u00e1rias devido ao desgaste dent\u00e1rio, ou se a crian\u00e7a apresentar dor articular ou muscular, dispositivos como goteiras ou aparelhos ortop\u00e9dico funcionais dever\u00e3o ser interpostos.<\/p>\n\n\n\n<p>Por outro lado, vamos imaginar de que a causa do bruxismo \u00e9 um problema na via a\u00e9rea (problema respirat\u00f3rio). Neste caso, a crian\u00e7a dever\u00e1 ser encaminhada para tratamento, em primeiro lugar, dessa situa\u00e7\u00e3o.<\/p>\n\n\n\n<p>N\u00e3o se vai colocar uma goteira ou um aparelho sem atentar primeiro na situa\u00e7\u00e3o principal.<\/p>\n\n\n\n<p><strong>Orienta\u00e7\u00f5es aos Pais no controlo de Bruxismo do Sono(BS):<\/strong><\/p>\n\n\n\n<p>Acima de tudo, faz-se com a ado\u00e7\u00e3o de medidas denominadas de <strong>Higiene do Sono<\/strong>, s\u00e3o elas:<\/p>\n\n\n\n<p>.Manter hor\u00e1rios constantes para dormir e acordar, mesmo durante o per\u00edodo de f\u00e9rias escolares.<\/p>\n\n\n\n<p>-Manter um bom ambiente no quarto, no que respeita a luminosidade, humidade e controlo de ru\u00eddos externos.<\/p>\n\n\n\n<p>-Evitar jogos eletr\u00f3nicos, telem\u00f3veis, computadores e atividades desportivas antes de dormir.<\/p>\n\n\n\n<p>-Tentar fazer uma \u00faltima refei\u00e7\u00e3o 2 a 3 horas antes de dormir.<\/p>\n\n\n\n<p>&#8211; Aten\u00e7\u00e3o a fatores que podem exacerbar o problema tais como: exposi\u00e7\u00e3o \u00e0 nicotina, consumo de bebidas alco\u00f3licas , cafe\u00edna e uso de drogas.<\/p>\n\n\n\n<p><strong>Orienta\u00e7\u00f5es aos Pais no controlo do Bruxismo de Vig\u00edlia (BV):<\/strong><\/p>\n\n\n\n<p>A crian\u00e7a dever\u00e1 ser orientada para estar atenta e tentar evitar encostar os dentes em situa\u00e7\u00f5es de stress.<\/p>\n\n\n\n<p>H\u00e1 casos mais graves em que esse controlo da ansiedade e stress dever\u00e1 ser orientado por um profissional da \u00e1rea, como um psiquiatra e\/ou psic\u00f3logo.<\/p>\n\n\n\n<p>T\u00e9cnicas de relaxamento tamb\u00e9m poder\u00e3o estar indicadas.<\/p>\n","protected":false},"excerpt":{"rendered":"<p>J\u00e1 se apercebeu que o se filho aperta, range, ou encosta os dentes durante o sono, ou mesmo durante o dia? J\u00e1 acordou durante a noite com o barulho do ranger dos dentes do seu filho? Deu conta de que ele tem o h\u00e1bito de apertar a mand\u00edbula na mesma posi\u00e7\u00e3o? Preste bem aten\u00e7\u00e3o: O SEU FILHO PODE TER BRUXISMO! Mas afinal, o que \u00e9 bruxismo? No passado, o bruxismo foi difundido como h\u00e1bito normal, ou at\u00e9 fisiol\u00f3gico na crian\u00e7a.&hellip;<\/p>\n","protected":false},"author":1,"featured_media":606,"comment_status":"open","ping_status":"open","sticky":false,"template":"","format":"standard","meta":{"footnotes":""},"categories":[3,5,6],"tags":[],"class_list":["post-104","post","type-post","status-publish","format-standard","has-post-thumbnail","hentry","category-blog","category-saude-oral","category-criancas","post-has-thumbnail"],"_links":{"self":[{"href":"https:\/\/joanaluisamatos.com\/index.php\/wp-json\/wp\/v2\/posts\/104"}],"collection":[{"href":"https:\/\/joanaluisamatos.com\/index.php\/wp-json\/wp\/v2\/posts"}],"about":[{"href":"https:\/\/joanaluisamatos.com\/index.php\/wp-json\/wp\/v2\/types\/post"}],"author":[{"embeddable":true,"href":"https:\/\/joanaluisamatos.com\/index.php\/wp-json\/wp\/v2\/users\/1"}],"replies":[{"embeddable":true,"href":"https:\/\/joanaluisamatos.com\/index.php\/wp-json\/wp\/v2\/comments?post=104"}],"version-history":[{"count":2,"href":"https:\/\/joanaluisamatos.com\/index.php\/wp-json\/wp\/v2\/posts\/104\/revisions"}],"predecessor-version":[{"id":643,"href":"https:\/\/joanaluisamatos.com\/index.php\/wp-json\/wp\/v2\/posts\/104\/revisions\/643"}],"wp:featuredmedia":[{"embeddable":true,"href":"https:\/\/joanaluisamatos.com\/index.php\/wp-json\/wp\/v2\/media\/606"}],"wp:attachment":[{"href":"https:\/\/joanaluisamatos.com\/index.php\/wp-json\/wp\/v2\/media?parent=104"}],"wp:term":[{"taxonomy":"category","embeddable":true,"href":"https:\/\/joanaluisamatos.com\/index.php\/wp-json\/wp\/v2\/categories?post=104"},{"taxonomy":"post_tag","embeddable":true,"href":"https:\/\/joanaluisamatos.com\/index.php\/wp-json\/wp\/v2\/tags?post=104"}],"curies":[{"name":"wp","href":"https:\/\/api.w.org\/{rel}","templated":true}]}}