{"id":3760,"date":"2021-05-28T16:22:28","date_gmt":"2021-05-28T16:22:28","guid":{"rendered":"https:\/\/joanaluisamatos.com\/?p=3760"},"modified":"2021-05-28T16:22:28","modified_gmt":"2021-05-28T16:22:28","slug":"fazer-xixi-na-cama-tem-relacao-com-a-boca","status":"publish","type":"post","link":"https:\/\/joanaluisamatos.com\/index.php\/2021\/05\/28\/fazer-xixi-na-cama-tem-relacao-com-a-boca\/","title":{"rendered":"FAZER XIXI NA CAMA TEM RELA\u00c7\u00c3O COM A BOCA ???  \u00a0"},"content":{"rendered":"<p><strong>A express\u00e3o \u201c xixi na cama \u201c designa-se tecnicamente como \u201c enurese noturna\u201d.<\/strong><\/p>\n<p><strong>Considera-se \u201c enurese noturna\u201d quando a crian\u00e7a continua a fazer xixi na cama mesmo depois de j\u00e1 ter adquirido o controlo dos esf\u00edncteres ( musculatura que controla a bexiga).<\/strong><\/p>\n<p><strong>A crian\u00e7a vai adquirindo esse controlo gradualmente e o xixi na cama pode acontecer apenas de forma ocasional.<\/strong><\/p>\n<p><strong>Mas infelizmente, em algumas crian\u00e7as isso persiste!\u00a0 E isso acaba, em alguns casos, por causar constrangimentos que podem comprometer todo o desenvolvimento da crian\u00e7a ( quer a n\u00edvel f\u00edsico, quer a n\u00edvel intelectual, cognitivo e at\u00e9 emocional).<\/strong><\/p>\n<p><strong>O sono tem uma arquitetura pr\u00f3pria!<\/strong><\/p>\n<p><strong>E essa arquitetura varia consoante a idade, ou seja, as nossas necessidades de sono v\u00e3o variando, n\u00e3o sendo as mesmas para um beb\u00e9, uma crian\u00e7a , um adulto ou um idoso.<\/strong><\/p>\n<p><strong>Mas qualquer uma destas arquiteturas fica comprometida se houver uma <u>respira\u00e7\u00e3o inadequada<\/u>.<\/strong><\/p>\n<p><strong>Existem v\u00e1rias causas para a enurese noturna, mas a mais comum \u00e9 uma <u>respira\u00e7\u00e3o nasal deficiente <\/u>acompanhada de uma <u>respira\u00e7\u00e3o oral<\/u> ( pela boca) que n\u00e3o \u00e9 normal!<\/strong><\/p>\n<p><strong>Um beb\u00e9 quando nasce respira pelo nariz e se for amamentado corretamente mantem esse padr\u00e3o respirat\u00f3rio normal.<\/strong><\/p>\n<p><strong>A crian\u00e7a que respira mal pelo nariz tem a sua arquitetura do sono afetada.<\/strong><\/p>\n<p><strong>O sono alterado leva informa\u00e7\u00f5es deficientes ao sistema nervoso central ( c\u00e9rebro e estruturas envolventes) que levam \u00e0 diminui\u00e7\u00e3o\u00a0 de uma hormona segregada bem no centro do nosso c\u00e9rebro ( a neuro-hip\u00f3fise) que \u00e9 a hormona anti-diur\u00e9tica ( ADH ou vasopressina).<\/strong><\/p>\n<p><strong>Ou seja, se essa hormona se produz em menor quantidade, teremos um aumento de volume de urina ( poli\u00faria) e , consequentemente, a crian\u00e7a faz xixi na cama.<\/strong><\/p>\n<p><strong>\u00c9 o mesmo que acontece quando ingerimos \u00e1lcool. O \u00e1lcool \u00e9 um inibidor da secre\u00e7\u00e3o da ADH , o que leva tamb\u00e9m a um aumento do volume de urina.<\/strong><\/p>\n<p><strong>Mas voltemos ao sono e \u00e0 sua perturba\u00e7\u00e3o causada pela respira\u00e7\u00e3o nasal deficiente.<\/strong><\/p>\n<p><strong>&#8211; Quais s\u00e3o as causas mais comuns de uma respira\u00e7\u00e3o oral?<\/strong><\/p>\n<p><strong>Exemplos:<\/strong><\/p>\n<ul>\n<li><strong>Alergias ( que devem ser detetadas e tratadas).<\/strong><\/li>\n<li><strong>Uma maxila ( \u201cc\u00e9u da boca\u201d) que n\u00e3o desenvolveu corretamente leva a um nariz e estruturas adjacentes deficientes.<\/strong><\/li>\n<\/ul>\n<p><strong><u>N\u00e3o esquecer que o \u201cc\u00e9u da boca\u201d \u00e9 o soalho do nariz ( vide fotografia abaixo)!<\/u><\/strong><\/p>\n<p><strong><u><img loading=\"lazy\" decoding=\"async\" class=\"wp-image-3761 size-large aligncenter\" src=\"https:\/\/joanaluisamatos.com\/wp-content\/uploads\/2021\/05\/nariz-e-palato-1024x642.jpg\" alt=\"\" width=\"640\" height=\"401\" srcset=\"https:\/\/joanaluisamatos.com\/wp-content\/uploads\/2021\/05\/nariz-e-palato-1024x642.jpg 1024w, https:\/\/joanaluisamatos.com\/wp-content\/uploads\/2021\/05\/nariz-e-palato-300x188.jpg 300w, https:\/\/joanaluisamatos.com\/wp-content\/uploads\/2021\/05\/nariz-e-palato-768x482.jpg 768w, https:\/\/joanaluisamatos.com\/wp-content\/uploads\/2021\/05\/nariz-e-palato-185x116.jpg 185w, https:\/\/joanaluisamatos.com\/wp-content\/uploads\/2021\/05\/nariz-e-palato.jpg 1030w\" sizes=\"(max-width: 640px) 100vw, 640px\" \/><\/u><\/strong><\/p>\n<ul>\n<li><strong>Um queixo que est\u00e1 mais para tr\u00e1s ( retrognatia) faz com que a l\u00edngua v\u00e1 tamb\u00e9m mais para tr\u00e1s, o que leva a uma obstru\u00e7\u00e3o da via a\u00e9rea inferior. \u00c9 inconceb\u00edvel pensar que a retrognatia s\u00f3 deve ser tratada devido a quest\u00f5es est\u00e9ticas.<\/strong><\/li>\n<li><strong>Aden\u00f3ides hipertrofiadas ( aumentadas). Este tema \u00e9 controverso e falaremos dele noutro texto, pois estudos mais recentes t\u00eam vindo a demonstrar que a hipertrofia das aden\u00f3ides \u00e9 uma consequ\u00eancia da respira\u00e7\u00e3o oral e n\u00e3o uma causa. Como tecido de resposta que s\u00e3o, as aden\u00f3ides muitas vezes aumentam de tamanho para servirem de prote\u00e7\u00e3o a uma respira\u00e7\u00e3o nasal deficiente.<\/strong><\/li>\n<\/ul>\n<p><strong>\u00a0<\/strong><\/p>\n<p><strong>Portanto, se o seu filho faz xixi na cama, \u00e9 da maior import\u00e2ncia que a boca dele seja avaliada, pois ele pode eventualmente precisar de uma interven\u00e7\u00e3o precoce nas estruturas orais ( por meio de aparelhos ortop\u00e9dicos funcionais, ou outras t\u00e9cnicas). Essa interven\u00e7\u00e3o vai resultar num restabelecimento correto das fun\u00e7\u00f5es de mastiga\u00e7\u00e3o, degluti\u00e7\u00e3o e respira\u00e7\u00e3o, podendo p\u00f4r fim ao constrangimento que \u00e9 fazer xixi na cama.<\/strong><\/p>\n","protected":false},"excerpt":{"rendered":"<p>A express\u00e3o \u201c xixi na cama \u201c designa-se tecnicamente como \u201c enurese noturna\u201d. Considera-se \u201c enurese noturna\u201d quando a crian\u00e7a continua a fazer xixi na cama mesmo depois de j\u00e1 ter adquirido o controlo dos esf\u00edncteres ( musculatura que controla a bexiga). A crian\u00e7a vai adquirindo esse controlo gradualmente e o xixi na cama pode acontecer apenas de forma ocasional. Mas infelizmente, em algumas crian\u00e7as isso persiste!\u00a0 E isso acaba, em alguns casos, por causar constrangimentos que podem comprometer todo&hellip;<\/p>\n","protected":false},"author":3,"featured_media":3762,"comment_status":"open","ping_status":"open","sticky":false,"template":"","format":"standard","meta":{"footnotes":""},"categories":[3,5,6],"tags":[63,62,59,60,61],"class_list":["post-3760","post","type-post","status-publish","format-standard","has-post-thumbnail","hentry","category-blog","category-saude-oral","category-criancas","tag-apneia-do-sono","tag-dificuldades-do-sono","tag-saude-oral","tag-saude-oral-criancas","tag-xixi-na-cama","post-has-thumbnail"],"_links":{"self":[{"href":"https:\/\/joanaluisamatos.com\/index.php\/wp-json\/wp\/v2\/posts\/3760"}],"collection":[{"href":"https:\/\/joanaluisamatos.com\/index.php\/wp-json\/wp\/v2\/posts"}],"about":[{"href":"https:\/\/joanaluisamatos.com\/index.php\/wp-json\/wp\/v2\/types\/post"}],"author":[{"embeddable":true,"href":"https:\/\/joanaluisamatos.com\/index.php\/wp-json\/wp\/v2\/users\/3"}],"replies":[{"embeddable":true,"href":"https:\/\/joanaluisamatos.com\/index.php\/wp-json\/wp\/v2\/comments?post=3760"}],"version-history":[{"count":1,"href":"https:\/\/joanaluisamatos.com\/index.php\/wp-json\/wp\/v2\/posts\/3760\/revisions"}],"predecessor-version":[{"id":3763,"href":"https:\/\/joanaluisamatos.com\/index.php\/wp-json\/wp\/v2\/posts\/3760\/revisions\/3763"}],"wp:featuredmedia":[{"embeddable":true,"href":"https:\/\/joanaluisamatos.com\/index.php\/wp-json\/wp\/v2\/media\/3762"}],"wp:attachment":[{"href":"https:\/\/joanaluisamatos.com\/index.php\/wp-json\/wp\/v2\/media?parent=3760"}],"wp:term":[{"taxonomy":"category","embeddable":true,"href":"https:\/\/joanaluisamatos.com\/index.php\/wp-json\/wp\/v2\/categories?post=3760"},{"taxonomy":"post_tag","embeddable":true,"href":"https:\/\/joanaluisamatos.com\/index.php\/wp-json\/wp\/v2\/tags?post=3760"}],"curies":[{"name":"wp","href":"https:\/\/api.w.org\/{rel}","templated":true}]}}