{"id":691,"date":"2020-11-06T16:45:12","date_gmt":"2020-11-06T16:45:12","guid":{"rendered":"https:\/\/joanaluisamatos.com\/?p=691"},"modified":"2021-05-07T15:56:31","modified_gmt":"2021-05-07T15:56:31","slug":"felicidade-ou-um-cadaver-adiado","status":"publish","type":"post","link":"https:\/\/joanaluisamatos.com\/index.php\/2020\/11\/06\/felicidade-ou-um-cadaver-adiado\/","title":{"rendered":"Felicidade ou um cad\u00e1ver adiado?"},"content":{"rendered":"\r\n<p><em>Sem a loucura que \u00e9 o homem<\/em><\/p>\r\n\r\n\r\n\r\n<p><em>Mais que a besta sadia,<\/em><\/p>\r\n\r\n\r\n\r\n<p><em>Cad\u00e1ver adiado que procria?<\/em><\/p>\r\n\r\n\r\n\r\n<p><em>Fernando Pessoa<\/em><\/p>\r\n\r\n\r\n\r\n<p>Desde muito cedo que a poesia entrou na minha vida como uma porta aberta para um conhecimento mais profundo, mais burilado da exist\u00eancia. E quanto mais procuro respostas mais instigada sou a procurar, e mais interroga\u00e7\u00f5es vou tendo.<\/p>\r\n\r\n\r\n\r\n<p>No topo da lista dos autores aos quais volto sempre e que a maturidade me tem permitido redescobrir incessantemente est\u00e1 Fernando Pessoa. O seu texto que acima transcrevi transporta-me \u00e0 grande pergunta:<\/p>\r\n\r\n\r\n\r\n<p>Porque \u00e9 que as coisas existem, em vez de n\u00e3o existirem?<\/p>\r\n\r\n\r\n\r\n<p>A filosofia, a arte, a ci\u00eancia e a religi\u00e3o procuram respostas para esta pergunta.<\/p>\r\n\r\n\r\n\r\n<p>Mas porqu\u00ea essa pergunta? Porque somos seres que n\u00e3o vivemos apenas, mas que existimos.<\/p>\r\n\r\n\r\n\r\n<p>H\u00e1 uma cita\u00e7\u00e3o cujo autor desconhe\u00e7o e que diz o seguinte:<\/p>\r\n\r\n\r\n\r\n<p>\u201cOs cobardes duram mais, mas vivem pouco!\u201d<\/p>\r\n\r\n\r\n\r\n<p>Portanto h\u00e1 uma diferen\u00e7a entre \u201cdurar\u201d, \u201cviver\u201d e \u201cexistir\u201d.<\/p>\r\n\r\n\r\n\r\n<p>Podemos perceber logo pela etimologia da palavra \u201cexistir\u201d. \u201cExistir\u201d vem do latim \u201cexistere\u201d que significa \u201cser para fora\u201d, \u201caparecer\u201d, \u201cemergir\u201d\u2026<\/p>\r\n\r\n\r\n\r\n<p>Eu n\u00e3o quero ser apenas algu\u00e9m que vive e depois deixa de viver!<\/p>\r\n\r\n\r\n\r\n<p>Eu quero que a minha vida fa\u00e7a sentido!<\/p>\r\n\r\n\r\n\r\n<p>Este poema duro e impactante de Fernando Pessoa vem lembrar que n\u00f3s somos seres transbordantes, somos seres que se recusam a ficar presos a uma mera biologia, identificados apenas por complexas reac\u00e7\u00f5es enzim\u00e1ticas ou sinapses neuronais.<\/p>\r\n\r\n\r\n\r\n<p>N\u00e3o temos o direito de passar pela vida distraidamente!<\/p>\r\n\r\n\r\n\r\n<p>Temos de atrair import\u00e2ncia para as nossas vidas!<\/p>\r\n\r\n\r\n\r\n<p>E quando falo em import\u00e2ncia, n\u00e3o falo em fama, poder, estatuto ou vaidade.<\/p>\r\n\r\n\r\n\r\n<p>Quantas pessoas an\u00f3nimas, neste momento de pandemia, tratam os enfermos, distribuem alimentos, nos d\u00e3o um pouco de conforto? J\u00e1 reflectiram sobre a import\u00e2ncia dessas pessoas?<\/p>\r\n\r\n\r\n\r\n<p>Existir e n\u00e3o apenas viver, atrair raz\u00f5es que nos fazem levantar da cama todos os dias e agradecer pelo dom da vida!<\/p>\r\n\r\n\r\n\r\n<p>A tal loucura de que nos fala Fernando Pessoa, aquela chama que nos mantem vivos e nos impulsiona a trilhar novos caminhos.<\/p>\r\n\r\n\r\n\r\n<p>E quando o momento da morte chegar perceber que tudo valeu a pena, at\u00e9 os nossos erros, porque fomos seres humanos realizados e n\u00e3o apenas cad\u00e1veres adiados.<\/p>\r\n\r\n\r\n\r\n<p>Como disse um dia o escritor e jornalista Apar\u00edcio Torelly:<\/p>\r\n\r\n\r\n\r\n<p>\u201cA \u00fanica coisa que levamos da vida \u00e9 a vida que n\u00f3s levamos.\u201d<\/p>\r\n\r\n\r\n\r\n<p>Joana Lu\u00edsa Matos<\/p>\r\n\r\n\r\n\r\n<p>Outubro, 2020<\/p>\r\n","protected":false},"excerpt":{"rendered":"<p>Sem a loucura que \u00e9 o homem Mais que a besta sadia, Cad\u00e1ver adiado que procria? Fernando Pessoa Desde muito cedo que a poesia entrou na minha vida como uma porta aberta para um conhecimento mais profundo, mais burilado da exist\u00eancia. E quanto mais procuro respostas mais instigada sou a procurar, e mais interroga\u00e7\u00f5es vou tendo. No topo da lista dos autores aos quais volto sempre e que a maturidade me tem permitido redescobrir incessantemente est\u00e1 Fernando Pessoa. O seu&hellip;<\/p>\n","protected":false},"author":1,"featured_media":29,"comment_status":"open","ping_status":"open","sticky":false,"template":"","format":"standard","meta":{"footnotes":""},"categories":[3,4],"tags":[53,54,52],"class_list":["post-691","post","type-post","status-publish","format-standard","has-post-thumbnail","hentry","category-blog","category-desenvolvimento-pessoal","tag-autoconhecimento","tag-bem-estar","tag-desenvolvimento-pessoal","post-has-thumbnail"],"_links":{"self":[{"href":"https:\/\/joanaluisamatos.com\/index.php\/wp-json\/wp\/v2\/posts\/691"}],"collection":[{"href":"https:\/\/joanaluisamatos.com\/index.php\/wp-json\/wp\/v2\/posts"}],"about":[{"href":"https:\/\/joanaluisamatos.com\/index.php\/wp-json\/wp\/v2\/types\/post"}],"author":[{"embeddable":true,"href":"https:\/\/joanaluisamatos.com\/index.php\/wp-json\/wp\/v2\/users\/1"}],"replies":[{"embeddable":true,"href":"https:\/\/joanaluisamatos.com\/index.php\/wp-json\/wp\/v2\/comments?post=691"}],"version-history":[{"count":1,"href":"https:\/\/joanaluisamatos.com\/index.php\/wp-json\/wp\/v2\/posts\/691\/revisions"}],"predecessor-version":[{"id":692,"href":"https:\/\/joanaluisamatos.com\/index.php\/wp-json\/wp\/v2\/posts\/691\/revisions\/692"}],"wp:featuredmedia":[{"embeddable":true,"href":"https:\/\/joanaluisamatos.com\/index.php\/wp-json\/wp\/v2\/media\/29"}],"wp:attachment":[{"href":"https:\/\/joanaluisamatos.com\/index.php\/wp-json\/wp\/v2\/media?parent=691"}],"wp:term":[{"taxonomy":"category","embeddable":true,"href":"https:\/\/joanaluisamatos.com\/index.php\/wp-json\/wp\/v2\/categories?post=691"},{"taxonomy":"post_tag","embeddable":true,"href":"https:\/\/joanaluisamatos.com\/index.php\/wp-json\/wp\/v2\/tags?post=691"}],"curies":[{"name":"wp","href":"https:\/\/api.w.org\/{rel}","templated":true}]}}